{"id":400,"date":"2020-04-22T11:22:49","date_gmt":"2020-04-22T16:22:49","guid":{"rendered":"https:\/\/imcomunicacioncreativa.com\/ecossuma\/?p=400"},"modified":"2020-05-21T14:33:51","modified_gmt":"2020-05-21T19:33:51","slug":"que-es-el-dia-de-la-tierra-y-como-se-celebra","status":"publish","type":"post","link":"https:\/\/imcomunicacioncreativa.com\/ecossuma\/index.php\/2020\/04\/22\/que-es-el-dia-de-la-tierra-y-como-se-celebra\/","title":{"rendered":"Isla de basura en el Pac\u00edfico: Todo lo que debes saber"},"content":{"rendered":"\n<p>\u00a1Terrible! Isla de basura en el oc\u00e9ano Pac\u00edfico es del tama\u00f1o de Francia y amenaza con expandirse. Las corrientes rotativas y los vientos hacen que los desechos marinos, pl\u00e1stico, las algas y el plancton se mezclen.<\/p>\n\n\n\n<p><\/p>\n\n\n\n<figure class=\"wp-block-embed-youtube wp-block-embed is-type-video is-provider-youtube wp-embed-aspect-16-9 wp-has-aspect-ratio\"><div class=\"wp-block-embed__wrapper\">\n<iframe loading=\"lazy\" title=\"Isla de basura en el Pac\u00edfico: Todo lo que debes saber\" width=\"1080\" height=\"608\" src=\"https:\/\/www.youtube.com\/embed\/Yd5RNwmLQ8w?feature=oembed\" frameborder=\"0\" allow=\"accelerometer; autoplay; encrypted-media; gyroscope; picture-in-picture\" allowfullscreen><\/iframe>\n<\/div><\/figure>\n","protected":false},"excerpt":{"rendered":"<p>\u00a1Terrible! Isla de basura en el oc\u00e9ano Pac\u00edfico es del tama\u00f1o de Francia y amenaza con expandirse. Las corrientes rotativas y los vientos hacen que los desechos marinos, pl\u00e1stico, las algas y el plancton se mezclen.<\/p>\n","protected":false},"author":1,"featured_media":401,"comment_status":"open","ping_status":"open","sticky":false,"template":"","format":"standard","meta":{"_et_pb_use_builder":"off","_et_pb_old_content":"<!-- wp:paragraph -->\n<p>El D\u00eda de la Tierra o&nbsp;<strong>D\u00eda internacional de la Madre Tierra, Earth Day<\/strong>, se celebra cada a\u00f1o el d\u00eda&nbsp;<strong>22 de Abril<\/strong>, que en este 2020 ser\u00e1 un Mi\u00e9rcoles.<\/p>\n<!-- \/wp:paragraph -->\n\n<!-- wp:paragraph -->\n<p>El promotor de este d\u00eda, es el\u00a0<strong>senador estadounidense Gaylord Nelson, que decidi\u00f3 instaurar este d\u00eda<\/strong>\u00a0para concienciar a la poblaci\u00f3n de los problemas comunes que nos afectan en torno a la contaminaci\u00f3n, la conservaci\u00f3n de la biodiversidad y otras preocupaciones ambientales para proteger la Tierra.<\/p>\n<!-- \/wp:paragraph -->\n\n<!-- wp:paragraph -->\n<p>Las Naciones Unidas reconocen que la Tierra y sus ecosistemas son el hogar de la humanidad, de igual manera, est\u00e1n convencidas que si queremos conseguir un justo equilibrio entre las necesidades econ\u00f3micas, sociales y ambientales de las generaciones presentes y futuras, es necesario&nbsp;<strong>promover la armon\u00eda con la naturaleza y la Tierra<\/strong>. Es por esto que decidieron designar el 22 de Abril como el \u201cD\u00eda Internacional de la Madre Tierra\u201d.<\/p>\n<!-- \/wp:paragraph -->\n\n<!-- wp:paragraph -->\n<p>En este d\u00eda es cuando de alguna manera todo el mundo toma conciencia de que tenemos que celebrar y cuidar el planeta. Es una fecha a modo de recordatorio de que&nbsp;<strong>todos hemos de poner de nuestra parte para que el planeta siga adelante.<\/strong>&nbsp;El cambio clim\u00e1tico es un hecho, de modo que aunque para muchos l\u00edderes pol\u00edticos parece que el problema les queda algo lejano,&nbsp;este es el d\u00eda en el que tambi\u00e9n a ellos les llegue el aviso de que es momento de cambiar y de hacer algo por el cuidado de comunidades&nbsp;&nbsp;enteras, animales y personas de todo el mundo.<\/p>\n<!-- \/wp:paragraph -->\n\n<!-- wp:paragraph -->\n<p>Este 22 de abril de 2020 una oportunidad para impulsar el D\u00eda Internacional de la Madre Tierra y con ello llevar a cabo\u00a0<strong>nuevas acciones encaminadas a luchar contra el cambio clim\u00e1tico.<\/strong><\/p>\n<!-- \/wp:paragraph -->\n\n<!-- wp:heading -->\n<h2>D\u00cdA DE LA TIERRA, \u00bfC\u00d3MO CELEBRARLO?<br><\/h2>\n<!-- \/wp:heading -->\n\n<!-- wp:paragraph -->\n<p>Nosotros mismos, y al margen de sumarnos a los actos que se organizan en todos los pa\u00edses, podemos celebrar El d\u00eda de la Tierra de una forma ecol\u00f3gica y de manera particular. \u00bf<strong>Qu\u00e9 podemos hacer?<\/strong>&nbsp;Pues podemos realizar peque\u00f1os actos que en conjunto que en realidad conformen grandes actos.&nbsp;<strong>Aqu\u00ed os dejamos con algunos consejos que deb\u00e9is llevar a cabo para mejorar la situaci\u00f3n de nuestro planeta tierra.<\/strong><\/p>\n<!-- \/wp:paragraph -->\n\n<!-- wp:list -->\n<ul><li>Recomendar&nbsp; a un amigo que cambie de las l\u00e1mparas incandescentes a las&nbsp;<strong>l\u00e1mparas de bajo consumo<\/strong>.<\/li><li>Ten\u00e9is que hablar a la gente sobre los&nbsp;<strong>beneficios de las energ\u00edas renovables<\/strong>, y lo malas que son las energ\u00edas f\u00f3siles para nuestro mundo.<\/li><li>Aconsejar a todos que por un d\u00eda, desconecten su conexi\u00f3n a Internet y que apenas gasten electricidad.<\/li><li>Otra idea es&nbsp;<strong>plantar un \u00e1rbol<\/strong>. E invitar a vuestros amigos a hacer lo mismo.<\/li><li>Ense\u00f1ar a los ni\u00f1os a&nbsp;<strong>apreciar y a cuidar a la naturaleza<\/strong>. Y sobre la importancia de la biodiversidad.<\/li><li>Juega con los ni\u00f1os en la calle. Aprovecha este d\u00eda para ense\u00f1arles por ejemplo la importancia de cuidar del medio ambiente pero no desde casa, o desde un ordenador.<\/li><li>Decir a esa persona que ha arrojado basura en la calle, que la levante y la tire en el contenedor de la basura.<\/li><li><strong>Reciclar<\/strong>, y alentar a vuestros amigos tambi\u00e9n a que lo hagan. Que sep\u00e1is qu\u00e9 es biodegradable y qu\u00e9 no lo es.<\/li><\/ul>\n<!-- \/wp:list -->","_et_gb_content_width":"","footnotes":""},"categories":[1],"tags":[],"class_list":["post-400","post","type-post","status-publish","format-standard","has-post-thumbnail","hentry","category-uncategorized"],"yoast_head":"<!-- This site is optimized with the Yoast SEO plugin v14.2 - https:\/\/yoast.com\/wordpress\/plugins\/seo\/ -->\n<title>Isla de basura en el Pac\u00edfico: Todo lo que debes saber - ECOSUMMA<\/title>\n<meta name=\"robots\" content=\"index, follow\" \/>\n<meta name=\"googlebot\" content=\"index, follow, max-snippet:-1, max-image-preview:large, max-video-preview:-1\" \/>\n<meta name=\"bingbot\" content=\"index, follow, max-snippet:-1, max-image-preview:large, max-video-preview:-1\" \/>\n<link rel=\"canonical\" href=\"https:\/\/imcomunicacioncreativa.com\/ecossuma\/index.php\/2020\/04\/22\/que-es-el-dia-de-la-tierra-y-como-se-celebra\/\" \/>\n<meta property=\"og:locale\" content=\"es_ES\" \/>\n<meta property=\"og:type\" content=\"article\" \/>\n<meta property=\"og:title\" content=\"Isla de basura en el Pac\u00edfico: Todo lo que debes saber - ECOSUMMA\" \/>\n<meta property=\"og:description\" content=\"\u00a1Terrible! Isla de basura en el oc\u00e9ano Pac\u00edfico es del tama\u00f1o de Francia y amenaza con expandirse. Las corrientes rotativas y los vientos hacen que los desechos marinos, pl\u00e1stico, las algas y el plancton se mezclen.\" \/>\n<meta property=\"og:url\" content=\"https:\/\/imcomunicacioncreativa.com\/ecossuma\/index.php\/2020\/04\/22\/que-es-el-dia-de-la-tierra-y-como-se-celebra\/\" \/>\n<meta property=\"og:site_name\" content=\"ECOSUMMA\" \/>\n<meta property=\"article:published_time\" content=\"2020-04-22T16:22:49+00:00\" \/>\n<meta property=\"article:modified_time\" content=\"2020-05-21T19:33:51+00:00\" \/>\n<meta property=\"og:image\" content=\"https:\/\/imcomunicacioncreativa.com\/ecossuma\/wp-content\/uploads\/2020\/04\/images-1.jpg\" \/>\n\t<meta property=\"og:image:width\" content=\"284\" \/>\n\t<meta property=\"og:image:height\" content=\"177\" \/>\n<meta name=\"twitter:card\" content=\"summary_large_image\" \/>\n<script type=\"application\/ld+json\" class=\"yoast-schema-graph\">{\"@context\":\"https:\/\/schema.org\",\"@graph\":[{\"@type\":\"WebSite\",\"@id\":\"https:\/\/imcomunicacioncreativa.com\/ecossuma\/#website\",\"url\":\"https:\/\/imcomunicacioncreativa.com\/ecossuma\/\",\"name\":\"ECOSUMMA\",\"description\":\"Suministros Masivos Ecol\\u00f3gicos\",\"potentialAction\":[{\"@type\":\"SearchAction\",\"target\":\"https:\/\/imcomunicacioncreativa.com\/ecossuma\/?s={search_term_string}\",\"query-input\":\"required name=search_term_string\"}],\"inLanguage\":\"es\"},{\"@type\":\"ImageObject\",\"@id\":\"https:\/\/imcomunicacioncreativa.com\/ecossuma\/index.php\/2020\/04\/22\/que-es-el-dia-de-la-tierra-y-como-se-celebra\/#primaryimage\",\"inLanguage\":\"es\",\"url\":\"https:\/\/imcomunicacioncreativa.com\/ecossuma\/wp-content\/uploads\/2020\/04\/images-1.jpg\",\"width\":284,\"height\":177},{\"@type\":\"WebPage\",\"@id\":\"https:\/\/imcomunicacioncreativa.com\/ecossuma\/index.php\/2020\/04\/22\/que-es-el-dia-de-la-tierra-y-como-se-celebra\/#webpage\",\"url\":\"https:\/\/imcomunicacioncreativa.com\/ecossuma\/index.php\/2020\/04\/22\/que-es-el-dia-de-la-tierra-y-como-se-celebra\/\",\"name\":\"Isla de basura en el Pac\\u00edfico: Todo lo que debes saber - ECOSUMMA\",\"isPartOf\":{\"@id\":\"https:\/\/imcomunicacioncreativa.com\/ecossuma\/#website\"},\"primaryImageOfPage\":{\"@id\":\"https:\/\/imcomunicacioncreativa.com\/ecossuma\/index.php\/2020\/04\/22\/que-es-el-dia-de-la-tierra-y-como-se-celebra\/#primaryimage\"},\"datePublished\":\"2020-04-22T16:22:49+00:00\",\"dateModified\":\"2020-05-21T19:33:51+00:00\",\"author\":{\"@id\":\"https:\/\/imcomunicacioncreativa.com\/ecossuma\/#\/schema\/person\/172963f58e46c99ef936c9e85245122f\"},\"inLanguage\":\"es\",\"potentialAction\":[{\"@type\":\"ReadAction\",\"target\":[\"https:\/\/imcomunicacioncreativa.com\/ecossuma\/index.php\/2020\/04\/22\/que-es-el-dia-de-la-tierra-y-como-se-celebra\/\"]}]},{\"@type\":[\"Person\"],\"@id\":\"https:\/\/imcomunicacioncreativa.com\/ecossuma\/#\/schema\/person\/172963f58e46c99ef936c9e85245122f\",\"name\":\"ecosumma\",\"image\":{\"@type\":\"ImageObject\",\"@id\":\"https:\/\/imcomunicacioncreativa.com\/ecossuma\/#personlogo\",\"inLanguage\":\"es\",\"url\":\"https:\/\/secure.gravatar.com\/avatar\/381412888ed0d5a098cb1e9285a9b0c4abf8373e2be69df3901a9dbd9d150e45?s=96&d=mm&r=g\",\"caption\":\"ecosumma\"}}]}<\/script>\n<!-- \/ Yoast SEO plugin. -->","_links":{"self":[{"href":"https:\/\/imcomunicacioncreativa.com\/ecossuma\/index.php\/wp-json\/wp\/v2\/posts\/400","targetHints":{"allow":["GET"]}}],"collection":[{"href":"https:\/\/imcomunicacioncreativa.com\/ecossuma\/index.php\/wp-json\/wp\/v2\/posts"}],"about":[{"href":"https:\/\/imcomunicacioncreativa.com\/ecossuma\/index.php\/wp-json\/wp\/v2\/types\/post"}],"author":[{"embeddable":true,"href":"https:\/\/imcomunicacioncreativa.com\/ecossuma\/index.php\/wp-json\/wp\/v2\/users\/1"}],"replies":[{"embeddable":true,"href":"https:\/\/imcomunicacioncreativa.com\/ecossuma\/index.php\/wp-json\/wp\/v2\/comments?post=400"}],"version-history":[{"count":6,"href":"https:\/\/imcomunicacioncreativa.com\/ecossuma\/index.php\/wp-json\/wp\/v2\/posts\/400\/revisions"}],"predecessor-version":[{"id":846,"href":"https:\/\/imcomunicacioncreativa.com\/ecossuma\/index.php\/wp-json\/wp\/v2\/posts\/400\/revisions\/846"}],"wp:featuredmedia":[{"embeddable":true,"href":"https:\/\/imcomunicacioncreativa.com\/ecossuma\/index.php\/wp-json\/wp\/v2\/media\/401"}],"wp:attachment":[{"href":"https:\/\/imcomunicacioncreativa.com\/ecossuma\/index.php\/wp-json\/wp\/v2\/media?parent=400"}],"wp:term":[{"taxonomy":"category","embeddable":true,"href":"https:\/\/imcomunicacioncreativa.com\/ecossuma\/index.php\/wp-json\/wp\/v2\/categories?post=400"},{"taxonomy":"post_tag","embeddable":true,"href":"https:\/\/imcomunicacioncreativa.com\/ecossuma\/index.php\/wp-json\/wp\/v2\/tags?post=400"}],"curies":[{"name":"wp","href":"https:\/\/api.w.org\/{rel}","templated":true}]}}